{"id":1094,"date":"2024-04-17T10:32:47","date_gmt":"2024-04-17T08:32:47","guid":{"rendered":"https:\/\/fiab-staa.it\/?p=1094"},"modified":"2024-04-17T11:41:56","modified_gmt":"2024-04-17T09:41:56","slug":"absperrbare-radabstellanlage-bicibox-beim-neuen-mobilitaetszentrum-brixen","status":"publish","type":"post","link":"https:\/\/fiab-staa.it\/de\/absperrbare-radabstellanlage-bicibox-beim-neuen-mobilitaetszentrum-brixen\/","title":{"rendered":"Absperrbare Radabstellanlage (Bicibox) beim neuen Mobilit\u00e4tszentrum Brixen"},"content":{"rendered":"\n<p><strong>FIAB S\u00fcdtirol <\/strong>begr\u00fc\u00dft die Bicibox L\u00f6sung, da sie die Sicherheit der f\u00fcr l\u00e4ngere Zeit geparkten Fahrr\u00e4der erh\u00f6ht, sowie auch jener, die pendeln und f\u00f6rdert somit das Umsteigen von Fahrrad und Zug. Leider wird die Nutzung der Fahrradboxen gem. Pressemitteilung des Landes nicht kostenfrei sein (<a href=\"https:\/\/news.provinzia.bz.it\/de\/news\/nahverkehr-tarife-fur-bus-und-zug-festgelegt\">https:\/\/news.provinzia.bz.it\/de\/news\/nahverkehr-tarife-fur-bus-und-zug-festgelegt<\/a>), w\u00e4hrend der Autofahrer seine Parkgeb\u00fchren bei anschlie\u00dfender Nutzung des Zugs r\u00fcckerstattet bekommt. Die FIAB S\u00fcdtirol kritisiert diese Entscheidung dezidiert und fordert kostenfreies Parken f\u00fcr Radfahrende! \u00dcberdies f\u00e4llt bei Betrachtung des Bahnhof-Areals auf, dass die \u00fcberdachten und die abgesperrten Radabstellpl\u00e4tze (Bicibox) fu\u00dfl\u00e4ufig weiter entfernt sind, als etwa die Bushaltestellen, was f\u00fcr Radfahrer l\u00e4ngere Wege zum Bahnsteig bedeutet.<\/p>\n","protected":false},"excerpt":{"rendered":"<p>FIAB S\u00fcdtirol begr\u00fc\u00dft die Bicibox L\u00f6sung, da sie die Sicherheit der f\u00fcr l\u00e4ngere Zeit geparkten Fahrr\u00e4der erh\u00f6ht, sowie auch jener, die pendeln und f\u00f6rdert somit das Umsteigen von Fahrrad und Zug. Leider wird die Nutzung der Fahrradboxen gem. Pressemitteilung des Landes nicht kostenfrei sein (https:\/\/news.provinzia.bz.it\/de\/news\/nahverkehr-tarife-fur-bus-und-zug-festgelegt), w\u00e4hrend der Autofahrer seine Parkgeb\u00fchren&hellip;<\/p>\n<p> <a class=\"more-link\" href=\"https:\/\/fiab-staa.it\/de\/absperrbare-radabstellanlage-bicibox-beim-neuen-mobilitaetszentrum-brixen\/\">Weiterlesen<\/a><\/p>\n","protected":false},"author":2,"featured_media":591,"comment_status":"open","ping_status":"open","sticky":false,"template":"","format":"standard","meta":{"footnotes":""},"categories":[25],"tags":[],"class_list":{"0":"post-1094","1":"post","2":"type-post","3":"status-publish","4":"format-standard","5":"has-post-thumbnail","7":"category-unkategorisiert"},"_links":{"self":[{"href":"https:\/\/fiab-staa.it\/de\/wp-json\/wp\/v2\/posts\/1094","targetHints":{"allow":["GET"]}}],"collection":[{"href":"https:\/\/fiab-staa.it\/de\/wp-json\/wp\/v2\/posts"}],"about":[{"href":"https:\/\/fiab-staa.it\/de\/wp-json\/wp\/v2\/types\/post"}],"author":[{"embeddable":true,"href":"https:\/\/fiab-staa.it\/de\/wp-json\/wp\/v2\/users\/2"}],"replies":[{"embeddable":true,"href":"https:\/\/fiab-staa.it\/de\/wp-json\/wp\/v2\/comments?post=1094"}],"version-history":[{"count":1,"href":"https:\/\/fiab-staa.it\/de\/wp-json\/wp\/v2\/posts\/1094\/revisions"}],"predecessor-version":[{"id":1095,"href":"https:\/\/fiab-staa.it\/de\/wp-json\/wp\/v2\/posts\/1094\/revisions\/1095"}],"wp:featuredmedia":[{"embeddable":true,"href":"https:\/\/fiab-staa.it\/de\/wp-json\/wp\/v2\/media\/591"}],"wp:attachment":[{"href":"https:\/\/fiab-staa.it\/de\/wp-json\/wp\/v2\/media?parent=1094"}],"wp:term":[{"taxonomy":"category","embeddable":true,"href":"https:\/\/fiab-staa.it\/de\/wp-json\/wp\/v2\/categories?post=1094"},{"taxonomy":"post_tag","embeddable":true,"href":"https:\/\/fiab-staa.it\/de\/wp-json\/wp\/v2\/tags?post=1094"}],"curies":[{"name":"wp","href":"https:\/\/api.w.org\/{rel}","templated":true}]}}