{"id":1101,"date":"2023-09-17T10:53:23","date_gmt":"2023-09-17T08:53:23","guid":{"rendered":"https:\/\/fiab-staa.it\/?p=1101"},"modified":"2024-09-13T16:27:39","modified_gmt":"2024-09-13T14:27:39","slug":"bolzano-in-bici-2023","status":"publish","type":"post","link":"https:\/\/fiab-staa.it\/de\/bolzano-in-bici-2023\/","title":{"rendered":"Bolzano in bici 2024 Bozner Radtag"},"content":{"rendered":"\n<p class=\"has-small-font-size\">Der diesj\u00e4hrige &#8222;Bozner Radtag&#8220; steht vor der T\u00fcr: Am\u00a0<strong>Sonntag, 22. September\u00a0<\/strong>findet ihr uns ab 9:30 Uhr bei unserem Stand auf den Talferwiesen bei der gro\u00dfen B\u00fchne. Es erwarten euch Erfahrungsberichte von Radreisen und vom Rad als Fortbewegungsmittel in der Stadt und die Kleinsten k\u00f6nnen ihr Traumrad malen. Au\u00dferdem gibt es ein paar Tourenvorschl\u00e4ge f\u00fcrs n\u00e4chste Jahr. Neugierig geworden?\u00a0Dann schaut kurz vorbei!<\/p>\n\n\n\n<p class=\"has-small-font-size\">Hier das Programm > <strong>\u00a0<\/strong><a href=\"https:\/\/opencity.gemeinde.bozen.it\/Aktuelles\/Pressemitteilungen\/Bozner-Radtag-20232\">https:\/\/opencity.gemeinde.bozen.it\/Aktuelles\/News\/Bozner-Radtag-2024<\/a><a href=\"https:\/\/opencity.gemeinde.bozen.it\/Aktuelles\/Pressemitteilungen\/Bozner-Radtag-20232\"><\/a><\/p>\n\n\n\n<p><\/p>\n","protected":false},"excerpt":{"rendered":"<p>Der diesj\u00e4hrige &#8222;Bozner Radtag&#8220; steht vor der T\u00fcr: Am\u00a0Sonntag, 22. September\u00a0findet ihr uns ab 9:30 Uhr bei unserem Stand auf den Talferwiesen bei der gro\u00dfen B\u00fchne. Es erwarten euch Erfahrungsberichte von Radreisen und vom Rad als Fortbewegungsmittel in der Stadt und die Kleinsten k\u00f6nnen ihr Traumrad malen. Au\u00dferdem gibt es&hellip;<\/p>\n<p> <a class=\"more-link\" href=\"https:\/\/fiab-staa.it\/de\/bolzano-in-bici-2023\/\">Weiterlesen<\/a><\/p>\n","protected":false},"author":2,"featured_media":1235,"comment_status":"open","ping_status":"open","sticky":false,"template":"","format":"standard","meta":{"footnotes":""},"categories":[1],"tags":[],"class_list":{"0":"post-1101","1":"post","2":"type-post","3":"status-publish","4":"format-standard","5":"has-post-thumbnail","7":"category-unkategorisiert"},"_links":{"self":[{"href":"https:\/\/fiab-staa.it\/de\/wp-json\/wp\/v2\/posts\/1101","targetHints":{"allow":["GET"]}}],"collection":[{"href":"https:\/\/fiab-staa.it\/de\/wp-json\/wp\/v2\/posts"}],"about":[{"href":"https:\/\/fiab-staa.it\/de\/wp-json\/wp\/v2\/types\/post"}],"author":[{"embeddable":true,"href":"https:\/\/fiab-staa.it\/de\/wp-json\/wp\/v2\/users\/2"}],"replies":[{"embeddable":true,"href":"https:\/\/fiab-staa.it\/de\/wp-json\/wp\/v2\/comments?post=1101"}],"version-history":[{"count":5,"href":"https:\/\/fiab-staa.it\/de\/wp-json\/wp\/v2\/posts\/1101\/revisions"}],"predecessor-version":[{"id":1238,"href":"https:\/\/fiab-staa.it\/de\/wp-json\/wp\/v2\/posts\/1101\/revisions\/1238"}],"wp:featuredmedia":[{"embeddable":true,"href":"https:\/\/fiab-staa.it\/de\/wp-json\/wp\/v2\/media\/1235"}],"wp:attachment":[{"href":"https:\/\/fiab-staa.it\/de\/wp-json\/wp\/v2\/media?parent=1101"}],"wp:term":[{"taxonomy":"category","embeddable":true,"href":"https:\/\/fiab-staa.it\/de\/wp-json\/wp\/v2\/categories?post=1101"},{"taxonomy":"post_tag","embeddable":true,"href":"https:\/\/fiab-staa.it\/de\/wp-json\/wp\/v2\/tags?post=1101"}],"curies":[{"name":"wp","href":"https:\/\/api.w.org\/{rel}","templated":true}]}}